{"id":1885,"date":"2025-04-29T13:16:08","date_gmt":"2025-04-29T13:16:08","guid":{"rendered":"https:\/\/www.solis-porec.com\/?p=1885"},"modified":"2025-04-29T13:30:48","modified_gmt":"2025-04-29T13:30:48","slug":"wassertemperatur-in-porec","status":"publish","type":"post","link":"https:\/\/www.solis-porec.com\/de\/blog\/wassertemperatur-in-porec\/","title":{"rendered":"Wassertemperatur in Pore\u010d im Jahresverlauf"},"content":{"rendered":"\t\t<div data-elementor-type=\"wp-post\" data-elementor-id=\"1885\" class=\"elementor elementor-1885 elementor-1872\" data-elementor-post-type=\"post\">\n\t\t\t\t\t\t<section class=\"elementor-section elementor-top-section elementor-element elementor-element-1fb1a376 elementor-section-boxed elementor-section-height-default elementor-section-height-default\" data-id=\"1fb1a376\" data-element_type=\"section\" data-e-type=\"section\">\n\t\t\t\t\t\t<div class=\"elementor-container elementor-column-gap-default\">\n\t\t\t\t\t<div class=\"elementor-column elementor-col-100 elementor-top-column elementor-element elementor-element-33b465b2\" data-id=\"33b465b2\" data-element_type=\"column\" data-e-type=\"column\">\n\t\t\t<div class=\"elementor-widget-wrap elementor-element-populated\">\n\t\t\t\t\t\t<div class=\"elementor-element elementor-element-c7d3cbe elementor-widget elementor-widget-text-editor\" data-id=\"c7d3cbe\" data-element_type=\"widget\" data-e-type=\"widget\" data-widget_type=\"text-editor.default\">\n\t\t\t\t<div class=\"elementor-widget-container\">\n\t\t\t\t\t\t\t\t\t<p>Pore\u010d ist eine wundersch\u00f6ne K\u00fcstenstadt auf der kroatischen Halbinsel Istrien. Sie ist bekannt f\u00fcr ihre atemberaubenden Str\u00e4nde, ihre reiche Geschichte und das kristallklare Wasser der Adria. Ganz gleich, ob Sie einen erholsamen Urlaub am Meer oder einen Aktivurlaub mit Schwimmen, Schnorcheln oder Wassersport planen, die <strong>Wassertemperatur in Pore\u010d<\/strong> zu kennen, ist der Schl\u00fcssel, um das Beste aus Ihrer Reise zu machen.<\/p><p>Begleiten Sie uns bei der Erkundung der <strong>Wassertemperatur in Pore\u010d<\/strong> im Laufe des Jahres. Wir informieren Sie \u00fcber die durchschnittlichen monatlichen Wassertemperaturen, saisonale Schwankungen, die besten Zeiten zum Schwimmen und Empfehlungen f\u00fcr Top-Str\u00e4nde und Wasseraktivit\u00e4ten. Wir hoffen, dass dieser Leitfaden Ihnen bei der Planung Ihres Urlaubs auf der Halbinsel Istrien helfen wird.<\/p>\t\t\t\t\t\t\t\t<\/div>\n\t\t\t\t<\/div>\n\t\t\t\t\t<\/div>\n\t\t<\/div>\n\t\t\t\t\t<\/div>\n\t\t<\/section>\n\t\t\t\t<section class=\"elementor-section elementor-top-section elementor-element elementor-element-5812e4db elementor-section-boxed elementor-section-height-default elementor-section-height-default\" data-id=\"5812e4db\" data-element_type=\"section\" data-e-type=\"section\">\n\t\t\t\t\t\t<div class=\"elementor-container elementor-column-gap-default\">\n\t\t\t\t\t<div class=\"elementor-column elementor-col-100 elementor-top-column elementor-element elementor-element-7c64b3cb\" data-id=\"7c64b3cb\" data-element_type=\"column\" data-e-type=\"column\">\n\t\t\t<div class=\"elementor-widget-wrap elementor-element-populated\">\n\t\t\t\t\t\t<div class=\"elementor-element elementor-element-3953f93f elementor-widget elementor-widget-table-of-contents\" data-id=\"3953f93f\" data-element_type=\"widget\" data-e-type=\"widget\" data-settings=\"{&quot;headings_by_tags&quot;:[&quot;h2&quot;],&quot;exclude_headings_by_selector&quot;:[],&quot;marker_view&quot;:&quot;bullets&quot;,&quot;icon&quot;:{&quot;value&quot;:&quot;&quot;,&quot;library&quot;:&quot;&quot;},&quot;no_headings_message&quot;:&quot;Es wurden keine \\u00dcberschriften auf dieser Seite gefunden.&quot;,&quot;hierarchical_view&quot;:&quot;yes&quot;,&quot;min_height&quot;:{&quot;unit&quot;:&quot;px&quot;,&quot;size&quot;:&quot;&quot;,&quot;sizes&quot;:[]},&quot;min_height_tablet&quot;:{&quot;unit&quot;:&quot;px&quot;,&quot;size&quot;:&quot;&quot;,&quot;sizes&quot;:[]},&quot;min_height_mobile&quot;:{&quot;unit&quot;:&quot;px&quot;,&quot;size&quot;:&quot;&quot;,&quot;sizes&quot;:[]}}\" data-widget_type=\"table-of-contents.default\">\n\t\t\t\t<div class=\"elementor-widget-container\">\n\t\t\t\t\t\t\t\t\t<div class=\"elementor-toc__header\">\n\t\t\t\t\t\t<div class=\"elementor-toc__header-title\">\n\t\t\t\tInhaltsverzeichnis\t\t\t<\/div>\n\t\t\t\t\t\t\t\t<\/div>\n\t\t\t\t<div id=\"elementor-toc__3953f93f\" class=\"elementor-toc__body\">\n\t\t\t<div class=\"elementor-toc__spinner-container\">\n\t\t\t\t<i class=\"elementor-toc__spinner eicon-animation-spin eicon-loading\" aria-hidden=\"true\"><\/i>\t\t\t<\/div>\n\t\t<\/div>\n\t\t\t\t\t\t<\/div>\n\t\t\t\t<\/div>\n\t\t\t\t\t<\/div>\n\t\t<\/div>\n\t\t\t\t\t<\/div>\n\t\t<\/section>\n\t\t\t\t<section class=\"elementor-section elementor-top-section elementor-element elementor-element-22323abe elementor-section-boxed elementor-section-height-default elementor-section-height-default\" data-id=\"22323abe\" data-element_type=\"section\" data-e-type=\"section\">\n\t\t\t\t\t\t<div class=\"elementor-container elementor-column-gap-default\">\n\t\t\t\t\t<div class=\"elementor-column elementor-col-100 elementor-top-column elementor-element elementor-element-5795c6e0\" data-id=\"5795c6e0\" data-element_type=\"column\" data-e-type=\"column\">\n\t\t\t<div class=\"elementor-widget-wrap elementor-element-populated\">\n\t\t\t\t\t\t<div class=\"elementor-element elementor-element-4e791c80 elementor-widget elementor-widget-heading\" data-id=\"4e791c80\" data-element_type=\"widget\" data-e-type=\"widget\" data-widget_type=\"heading.default\">\n\t\t\t\t<div class=\"elementor-widget-container\">\n\t\t\t\t\t<h2 class=\"elementor-heading-title elementor-size-default\">Wie ist die Wassertemperatur in Pore\u010d?\n<\/h2>\t\t\t\t<\/div>\n\t\t\t\t<\/div>\n\t\t\t\t<div class=\"elementor-element elementor-element-3f8b5527 elementor-widget elementor-widget-text-editor\" data-id=\"3f8b5527\" data-element_type=\"widget\" data-e-type=\"widget\" data-widget_type=\"text-editor.default\">\n\t\t\t\t<div class=\"elementor-widget-container\">\n\t\t\t\t\t\t\t\t\t<p>Die <strong>Wassertemperatur in Pore\u010d<\/strong> \u00e4ndert sich je nach Jahreszeit merklich. Dies ist ein sehr wichtiger Faktor, den Sie bei der Planung einer Reise nach Pore\u010d ber\u00fccksichtigen sollten, insbesondere wenn Sie einen Strandurlaub planen. Wir empfehlen die Verwendung von Echtzeitdaten aus Quellen wie seatemperature.org, um Sie bei der Planung zu unterst\u00fctzen. Den bereitgestellten Daten zufolge liegen die Temperaturen typischerweise zwischen etwa 10 \u00b0C im Winter und 26 \u00b0C im Sommer.<\/p><p>In den Sommermonaten erw\u00e4rmt sich das Meer auf angenehme 24\u201326 \u00b0C. Dies ist perfekt zum Schwimmen, Schnorcheln und f\u00fcr andere Wassersportarten. Dann erstrahlt die Adria in vollem Glanz und bietet ideale Bedingungen f\u00fcr lange Tage am Strand. Im Winter hingegen sinken die Temperaturen auf 10\u201314 \u00b0C, sodass das Wasser ohne Neoprenanzug viel zu kalt zum Schwimmen ist.<\/p>\t\t\t\t\t\t\t\t<\/div>\n\t\t\t\t<\/div>\n\t\t\t\t\t<\/div>\n\t\t<\/div>\n\t\t\t\t\t<\/div>\n\t\t<\/section>\n\t\t\t\t<section class=\"elementor-section elementor-top-section elementor-element elementor-element-a5152a6 elementor-section-boxed elementor-section-height-default elementor-section-height-default\" data-id=\"a5152a6\" data-element_type=\"section\" data-e-type=\"section\">\n\t\t\t\t\t\t<div class=\"elementor-container elementor-column-gap-default\">\n\t\t\t\t\t<div class=\"elementor-column elementor-col-100 elementor-top-column elementor-element elementor-element-5212acd\" data-id=\"5212acd\" data-element_type=\"column\" data-e-type=\"column\">\n\t\t\t<div class=\"elementor-widget-wrap elementor-element-populated\">\n\t\t\t\t\t\t<div class=\"elementor-element elementor-element-d4667fa elementor-widget elementor-widget-image\" data-id=\"d4667fa\" data-element_type=\"widget\" data-e-type=\"widget\" data-widget_type=\"image.default\">\n\t\t\t\t<div class=\"elementor-widget-container\">\n\t\t\t\t\t\t\t\t\t\t\t\t\t\t\t<img decoding=\"async\" src=\"https:\/\/www.solis-porec.com\/wp-content\/uploads\/elementor\/thumbs\/porec-croatia-holidays-q4ya8tocq2h340opcca1rwjtmfloqu1zokhb9cadm8.jpg\" title=\"porec-croatia-holidays\" alt=\"Porec Istria Croatia Holidays\" loading=\"lazy\" \/>\t\t\t\t\t\t\t\t\t\t\t\t\t\t\t<\/div>\n\t\t\t\t<\/div>\n\t\t\t\t\t<\/div>\n\t\t<\/div>\n\t\t\t\t\t<\/div>\n\t\t<\/section>\n\t\t\t\t<section class=\"elementor-section elementor-top-section elementor-element elementor-element-3d00dec elementor-section-boxed elementor-section-height-default elementor-section-height-default\" data-id=\"3d00dec\" data-element_type=\"section\" data-e-type=\"section\">\n\t\t\t\t\t\t<div class=\"elementor-container elementor-column-gap-default\">\n\t\t\t\t\t<div class=\"elementor-column elementor-col-100 elementor-top-column elementor-element elementor-element-a63afbe\" data-id=\"a63afbe\" data-element_type=\"column\" data-e-type=\"column\">\n\t\t\t<div class=\"elementor-widget-wrap elementor-element-populated\">\n\t\t\t\t\t\t<div class=\"elementor-element elementor-element-cc3048a elementor-widget elementor-widget-heading\" data-id=\"cc3048a\" data-element_type=\"widget\" data-e-type=\"widget\" data-widget_type=\"heading.default\">\n\t\t\t\t<div class=\"elementor-widget-container\">\n\t\t\t\t\t<h2 class=\"elementor-heading-title elementor-size-default\">Saisonale Schwankungen und beste Badezeiten\n<\/h2>\t\t\t\t<\/div>\n\t\t\t\t<\/div>\n\t\t\t\t<div class=\"elementor-element elementor-element-5dac726 elementor-widget elementor-widget-text-editor\" data-id=\"5dac726\" data-element_type=\"widget\" data-e-type=\"widget\" data-widget_type=\"text-editor.default\">\n\t\t\t\t<div class=\"elementor-widget-container\">\n\t\t\t\t\t\t\t\t\t<p>Wenn Sie das Meer in vollen Z\u00fcgen genie\u00dfen m\u00f6chten, ist es generell sinnvoll, Ihren Besuch auf die w\u00e4rmeren Monate zu legen. Je nachdem, welche Aktivit\u00e4ten Sie aus\u00fcben m\u00f6chten, k\u00f6nnen jedoch auch andere Jahreszeiten ideale Temperaturen bieten.<\/p>\t\t\t\t\t\t\t\t<\/div>\n\t\t\t\t<\/div>\n\t\t\t\t\t<\/div>\n\t\t<\/div>\n\t\t\t\t\t<\/div>\n\t\t<\/section>\n\t\t\t\t<section class=\"elementor-section elementor-top-section elementor-element elementor-element-7961291 elementor-section-boxed elementor-section-height-default elementor-section-height-default\" data-id=\"7961291\" data-element_type=\"section\" data-e-type=\"section\">\n\t\t\t\t\t\t<div class=\"elementor-container elementor-column-gap-default\">\n\t\t\t\t\t<div class=\"elementor-column elementor-col-50 elementor-top-column elementor-element elementor-element-2b3ede9c\" data-id=\"2b3ede9c\" data-element_type=\"column\" data-e-type=\"column\">\n\t\t\t<div class=\"elementor-widget-wrap elementor-element-populated\">\n\t\t\t\t\t\t<div class=\"elementor-element elementor-element-5026d8c4 elementor-widget elementor-widget-heading\" data-id=\"5026d8c4\" data-element_type=\"widget\" data-e-type=\"widget\" data-widget_type=\"heading.default\">\n\t\t\t\t<div class=\"elementor-widget-container\">\n\t\t\t\t\t<h3 class=\"elementor-heading-title elementor-size-default\">Fr\u00fchling (M\u00e4rz\u2013Mai)\n<\/h3>\t\t\t\t<\/div>\n\t\t\t\t<\/div>\n\t\t\t\t<div class=\"elementor-element elementor-element-6efa74d1 elementor-widget elementor-widget-text-editor\" data-id=\"6efa74d1\" data-element_type=\"widget\" data-e-type=\"widget\" data-widget_type=\"text-editor.default\">\n\t\t\t\t<div class=\"elementor-widget-container\">\n\t\t\t\t\t\t\t\t\t<ul>\n \t<li>Die Wassertemperatur steigt von den winterlichen Tiefstwerten (10\u201314 \u00b0C) an<\/li>\n \t<li>Ende Mai erreicht sie etwa 18\u201320 \u00b0C. Dies mag f\u00fcr einige zum Schwimmen geeignet sein, ist aber f\u00fcr kleine Kinder noch nicht ideal<\/li>\n \t<li>Mit einem Neoprenanzug gut zum Kajakfahren oder Stand-up-Paddling geeignet<\/li>\n<\/ul>\t\t\t\t\t\t\t\t<\/div>\n\t\t\t\t<\/div>\n\t\t\t\t\t<\/div>\n\t\t<\/div>\n\t\t\t\t<div class=\"elementor-column elementor-col-50 elementor-top-column elementor-element elementor-element-f226524\" data-id=\"f226524\" data-element_type=\"column\" data-e-type=\"column\">\n\t\t\t<div class=\"elementor-widget-wrap elementor-element-populated\">\n\t\t\t\t\t\t<div class=\"elementor-element elementor-element-f53236f elementor-widget elementor-widget-heading\" data-id=\"f53236f\" data-element_type=\"widget\" data-e-type=\"widget\" data-widget_type=\"heading.default\">\n\t\t\t\t<div class=\"elementor-widget-container\">\n\t\t\t\t\t<h3 class=\"elementor-heading-title elementor-size-default\">Sommer (Juni\u2013August)\n<\/h3>\t\t\t\t<\/div>\n\t\t\t\t<\/div>\n\t\t\t\t<div class=\"elementor-element elementor-element-922e572 elementor-widget elementor-widget-text-editor\" data-id=\"922e572\" data-element_type=\"widget\" data-e-type=\"widget\" data-widget_type=\"text-editor.default\">\n\t\t\t\t<div class=\"elementor-widget-container\">\n\t\t\t\t\t\t\t\t\t<ul><li>W\u00e4rmstes Wasser des Jahres: 22\u201326 \u00b0C<\/li><li>Ideal zum Schwimmen, Schnorcheln, Tauchen und f\u00fcr andere Wassersportarten<\/li><li>Hauptreisezeit<\/li><li>Beste Jahreszeit f\u00fcr einen klassischen Strandurlaub in Pore\u010d<\/li><\/ul>\t\t\t\t\t\t\t\t<\/div>\n\t\t\t\t<\/div>\n\t\t\t\t\t<\/div>\n\t\t<\/div>\n\t\t\t\t\t<\/div>\n\t\t<\/section>\n\t\t\t\t<section class=\"elementor-section elementor-top-section elementor-element elementor-element-c704913 elementor-section-boxed elementor-section-height-default elementor-section-height-default\" data-id=\"c704913\" data-element_type=\"section\" data-e-type=\"section\">\n\t\t\t\t\t\t<div class=\"elementor-container elementor-column-gap-default\">\n\t\t\t\t\t<div class=\"elementor-column elementor-col-50 elementor-top-column elementor-element elementor-element-2d958de\" data-id=\"2d958de\" data-element_type=\"column\" data-e-type=\"column\">\n\t\t\t<div class=\"elementor-widget-wrap elementor-element-populated\">\n\t\t\t\t\t\t<div class=\"elementor-element elementor-element-074ffaa elementor-widget elementor-widget-heading\" data-id=\"074ffaa\" data-element_type=\"widget\" data-e-type=\"widget\" data-widget_type=\"heading.default\">\n\t\t\t\t<div class=\"elementor-widget-container\">\n\t\t\t\t\t<h3 class=\"elementor-heading-title elementor-size-default\">Herbst (September\u2013November)\n<\/h3>\t\t\t\t<\/div>\n\t\t\t\t<\/div>\n\t\t\t\t<div class=\"elementor-element elementor-element-23ec561 elementor-widget elementor-widget-text-editor\" data-id=\"23ec561\" data-element_type=\"widget\" data-e-type=\"widget\" data-widget_type=\"text-editor.default\">\n\t\t\t\t<div class=\"elementor-widget-container\">\n\t\t\t\t\t\t\t\t\t<ul><li>Im September ist es noch warm (20\u201323 \u00b0C). Dies ist ein gro\u00dfartiger Monat zum Schwimmen an weniger \u00fcberf\u00fcllten Str\u00e4nde<\/li><li>Allm\u00e4hliche Abk\u00fchlung im Oktober und November<\/li><\/ul>\t\t\t\t\t\t\t\t<\/div>\n\t\t\t\t<\/div>\n\t\t\t\t\t<\/div>\n\t\t<\/div>\n\t\t\t\t<div class=\"elementor-column elementor-col-50 elementor-top-column elementor-element elementor-element-f51dec9\" data-id=\"f51dec9\" data-element_type=\"column\" data-e-type=\"column\">\n\t\t\t<div class=\"elementor-widget-wrap elementor-element-populated\">\n\t\t\t\t\t\t<div class=\"elementor-element elementor-element-5f9436d elementor-widget elementor-widget-heading\" data-id=\"5f9436d\" data-element_type=\"widget\" data-e-type=\"widget\" data-widget_type=\"heading.default\">\n\t\t\t\t<div class=\"elementor-widget-container\">\n\t\t\t\t\t<h3 class=\"elementor-heading-title elementor-size-default\">Winter (Dezember\u2013Februar)\n<\/h3>\t\t\t\t<\/div>\n\t\t\t\t<\/div>\n\t\t\t\t<div class=\"elementor-element elementor-element-b876c82 elementor-widget elementor-widget-text-editor\" data-id=\"b876c82\" data-element_type=\"widget\" data-e-type=\"widget\" data-widget_type=\"text-editor.default\">\n\t\t\t\t<div class=\"elementor-widget-container\">\n\t\t\t\t\t\t\t\t\t<ul><li>K\u00e4lteste Wassertemperaturen: 10\u201313 \u00b0C<\/li><li>Nicht zum Schwimmen geeignet<\/li><li>Geeignet f\u00fcr Kaltwasser-Schwimmer oder mit Thermo-Neoprenanz\u00fcgen<\/li><li>Spazieren Sie an einem sonnigen Tag entlang der Strandpromenade von Pore\u010d<\/li><\/ul>\t\t\t\t\t\t\t\t<\/div>\n\t\t\t\t<\/div>\n\t\t\t\t\t<\/div>\n\t\t<\/div>\n\t\t\t\t\t<\/div>\n\t\t<\/section>\n\t\t\t\t<section class=\"elementor-section elementor-top-section elementor-element elementor-element-7fe7d09 elementor-section-boxed elementor-section-height-default elementor-section-height-default\" data-id=\"7fe7d09\" data-element_type=\"section\" data-e-type=\"section\">\n\t\t\t\t\t\t<div class=\"elementor-container elementor-column-gap-default\">\n\t\t\t\t\t<div class=\"elementor-column elementor-col-100 elementor-top-column elementor-element elementor-element-85a4563\" data-id=\"85a4563\" data-element_type=\"column\" data-e-type=\"column\">\n\t\t\t<div class=\"elementor-widget-wrap elementor-element-populated\">\n\t\t\t\t\t\t<div class=\"elementor-element elementor-element-f9b16a8 elementor-widget elementor-widget-image\" data-id=\"f9b16a8\" data-element_type=\"widget\" data-e-type=\"widget\" data-widget_type=\"image.default\">\n\t\t\t\t<div class=\"elementor-widget-container\">\n\t\t\t\t\t\t\t\t\t\t\t\t\t\t\t<img decoding=\"async\" src=\"https:\/\/www.solis-porec.com\/wp-content\/uploads\/elementor\/thumbs\/istria-beach-qvxa2tsakywegdy0rzkqpiu4fwvge8jczsfb9n8dww.jpg\" title=\"istria beach\" alt=\"istria beach\" loading=\"lazy\" \/>\t\t\t\t\t\t\t\t\t\t\t\t\t\t\t<\/div>\n\t\t\t\t<\/div>\n\t\t\t\t\t<\/div>\n\t\t<\/div>\n\t\t\t\t\t<\/div>\n\t\t<\/section>\n\t\t\t\t<section class=\"elementor-section elementor-top-section elementor-element elementor-element-636aa8a2 elementor-section-boxed elementor-section-height-default elementor-section-height-default\" data-id=\"636aa8a2\" data-element_type=\"section\" data-e-type=\"section\">\n\t\t\t\t\t\t<div class=\"elementor-container elementor-column-gap-default\">\n\t\t\t\t\t<div class=\"elementor-column elementor-col-100 elementor-top-column elementor-element elementor-element-337df84\" data-id=\"337df84\" data-element_type=\"column\" data-e-type=\"column\">\n\t\t\t<div class=\"elementor-widget-wrap elementor-element-populated\">\n\t\t\t\t\t\t<div class=\"elementor-element elementor-element-3e6cc8bb elementor-widget elementor-widget-heading\" data-id=\"3e6cc8bb\" data-element_type=\"widget\" data-e-type=\"widget\" data-widget_type=\"heading.default\">\n\t\t\t\t<div class=\"elementor-widget-container\">\n\t\t\t\t\t<h2 class=\"elementor-heading-title elementor-size-default\">Die besten Str\u00e4nde und Wassersportaktivit\u00e4ten in Pore\u010d\n<\/h2>\t\t\t\t<\/div>\n\t\t\t\t<\/div>\n\t\t\t\t<div class=\"elementor-element elementor-element-1205b6be elementor-widget elementor-widget-text-editor\" data-id=\"1205b6be\" data-element_type=\"widget\" data-e-type=\"widget\" data-widget_type=\"text-editor.default\">\n\t\t\t\t<div class=\"elementor-widget-container\">\n\t\t\t\t\t\t\t\t\t<p>Pore\u010d bietet eine gro\u00dfe Auswahl an Str\u00e4nden, von lebhaften familienfreundlichen Orten bis hin zu ruhigen Buchten, die sich perfekt f\u00fcr Paare und zum Entspannen eignen. Viele dieser Str\u00e4nde sind mit der <strong>Blauen Flagge<\/strong> ausgezeichnet, was bedeutet, dass sie \u00fcber eine hohe Wasserqualit\u00e4t und hervorragende Einrichtungen verf\u00fcgen.<\/p><p>Nur einen kurzen Spaziergang vom Stadtzentrum entfernt liegt der Strand Brulo. Er ist eine Top-Wahl f\u00fcr Familien und Gruppen. Er verf\u00fcgt \u00fcber gepflasterte Liegefl\u00e4chen, viel nat\u00fcrlichen Schatten durch Pinienb\u00e4ume und bequemen Zugang zu nahegelegenen Restaurants und Spielpl\u00e4tzen. Dies ist der ideale Ort f\u00fcr einen ganzen Tag voller Strandspa\u00df in den Sommermonaten. Weiter n\u00f6rdlich entlang der K\u00fcste liegt der <strong>Strand Borik<\/strong>, der f\u00fcr sein klares Wasser und den atemberaubenden Blick auf die Altstadt bekannt ist. Dieser Strand ist bei Einheimischen und Touristen, die gerne schnorcheln, gleicherma\u00dfen beliebt. Aufgrund des felsigen Meeresbodens ist dies ein gro\u00dfartiger Ort, um Fische und Meereslebewesen zu beobachten. Weiter s\u00fcdlich befindet sich der <strong>Strand Parentino<\/strong>, der fr\u00fcher als <strong>Plava Laguna<\/strong> bekannt war und als einer der modernsten und am besten ausgestatteten Str\u00e4nde in Pore\u010d gilt. Hier gibt es Sonnenliegen, Duschen und eine gro\u00dfe Auswahl an Wassersportger\u00e4ten, die gemietet werden k\u00f6nnen.<\/p><p>Bei den Wassersportaktivit\u00e4ten gibt es je nach Jahreszeit und <strong>Wassertemperatur in Pore\u010d<\/strong> eine gro\u00dfe Auswahl. Sie k\u00f6nnen Windsurfen, Jetski fahren, Bananenboot fahren und Stand-up-Paddling betreiben.<\/p>\t\t\t\t\t\t\t\t<\/div>\n\t\t\t\t<\/div>\n\t\t\t\t\t<\/div>\n\t\t<\/div>\n\t\t\t\t\t<\/div>\n\t\t<\/section>\n\t\t\t\t<section class=\"elementor-section elementor-top-section elementor-element elementor-element-ad10d67 elementor-section-boxed elementor-section-height-default elementor-section-height-default\" data-id=\"ad10d67\" data-element_type=\"section\" data-e-type=\"section\">\n\t\t\t\t\t\t<div class=\"elementor-container elementor-column-gap-default\">\n\t\t\t\t\t<div class=\"elementor-column elementor-col-100 elementor-top-column elementor-element elementor-element-6fccbc0\" data-id=\"6fccbc0\" data-element_type=\"column\" data-e-type=\"column\">\n\t\t\t<div class=\"elementor-widget-wrap elementor-element-populated\">\n\t\t\t\t\t\t<div class=\"elementor-element elementor-element-f80f501 elementor-widget elementor-widget-image\" data-id=\"f80f501\" data-element_type=\"widget\" data-e-type=\"widget\" data-widget_type=\"image.default\">\n\t\t\t\t<div class=\"elementor-widget-container\">\n\t\t\t\t\t\t\t\t\t\t\t\t\t\t\t<img decoding=\"async\" src=\"https:\/\/www.solis-porec.com\/wp-content\/uploads\/elementor\/thumbs\/Sveti-Nikola-Island-Beach-Porec-qdgegcv2q8k49bt56zztq3cp6g38cwuzzjkbj0f52o.jpg\" title=\"Sveti Nikola Island Beach Porec\" alt=\"Sveti Nikola Island Beach Porec\" loading=\"lazy\" \/>\t\t\t\t\t\t\t\t\t\t\t\t\t\t\t<\/div>\n\t\t\t\t<\/div>\n\t\t\t\t\t<\/div>\n\t\t<\/div>\n\t\t\t\t\t<\/div>\n\t\t<\/section>\n\t\t\t\t<section class=\"elementor-section elementor-top-section elementor-element elementor-element-631a954 elementor-section-boxed elementor-section-height-default elementor-section-height-default\" data-id=\"631a954\" data-element_type=\"section\" data-e-type=\"section\">\n\t\t\t\t\t\t<div class=\"elementor-container elementor-column-gap-default\">\n\t\t\t\t\t<div class=\"elementor-column elementor-col-100 elementor-top-column elementor-element elementor-element-d4a4699\" data-id=\"d4a4699\" data-element_type=\"column\" data-e-type=\"column\">\n\t\t\t<div class=\"elementor-widget-wrap elementor-element-populated\">\n\t\t\t\t\t\t<div class=\"elementor-element elementor-element-ca67aaf elementor-widget elementor-widget-heading\" data-id=\"ca67aaf\" data-element_type=\"widget\" data-e-type=\"widget\" data-widget_type=\"heading.default\">\n\t\t\t\t<div class=\"elementor-widget-container\">\n\t\t\t\t\t<h2 class=\"elementor-heading-title elementor-size-default\">Aktivit\u00e4ten in Pore\u010d bei zu kaltem Wasser\n<\/h2>\t\t\t\t<\/div>\n\t\t\t\t<\/div>\n\t\t\t\t<div class=\"elementor-element elementor-element-8162013 elementor-widget elementor-widget-text-editor\" data-id=\"8162013\" data-element_type=\"widget\" data-e-type=\"widget\" data-widget_type=\"text-editor.default\">\n\t\t\t\t<div class=\"elementor-widget-container\">\n\t\t\t\t\t\t\t\t\t<p>Wenn die <strong>Wassertemperatur in Pore\u010d<\/strong> zum Schwimmen zu niedrig ist, was normalerweise im Winter oder im fr\u00fchen Fr\u00fchling der Fall ist, gibt es in der Stadt immer noch viel zu erleben. Wir empfehlen Ihnen, den Tag mit einem Spaziergang durch die charmante Altstadt von Pore\u010d zu beginnen. Hier k\u00f6nnen Sie r\u00f6mische Ruinen und mittelalterliche Architektur erkunden. Besuchen Sie unbedingt die <strong>Euphrasius-Basilika<\/strong>, die zum <strong>UNESCO-Weltkulturerbe<\/strong> geh\u00f6rt.<\/p><p>Nach der Erkundung des historischen Zentrums k\u00f6nnen Sie sich drinnen bei einem Besuch des Aquariums von Pore\u010d aufw\u00e4rmen. Nur wenige Schritte vom Ufer entfernt, ist es ein unterhaltsamer und lehrreicher Zwischenstopp, der \u00fcber 70 Arten von Meereslebewesen der Adria beherbergt. Es ist besonders ideal f\u00fcr Familien.<\/p><p>Lassen Sie Ihren Tag schlie\u00dflich in einem Caf\u00e9 oder einer \u00f6rtlichen Konoba (Taverne) ausklingen, wo Sie istrische Spezialit\u00e4ten wie Tr\u00fcffelpasta oder frische Meeresfr\u00fcchte probieren k\u00f6nnen.<\/p><p>Selbst wenn die <strong>Wassertemperaturen in Pore\u010d<\/strong> nicht ideal f\u00fcr einen Strandtag sind, gibt es in der Stadt selbst viele Gr\u00fcnde, sie zu erkunden und zu genie\u00dfen.<\/p>\t\t\t\t\t\t\t\t<\/div>\n\t\t\t\t<\/div>\n\t\t\t\t\t<\/div>\n\t\t<\/div>\n\t\t\t\t\t<\/div>\n\t\t<\/section>\n\t\t\t\t<section class=\"elementor-section elementor-top-section elementor-element elementor-element-4a608a1 elementor-section-boxed elementor-section-height-default elementor-section-height-default\" data-id=\"4a608a1\" data-element_type=\"section\" data-e-type=\"section\">\n\t\t\t\t\t\t<div class=\"elementor-container elementor-column-gap-default\">\n\t\t\t\t\t<div class=\"elementor-column elementor-col-100 elementor-top-column elementor-element elementor-element-b601cc7\" data-id=\"b601cc7\" data-element_type=\"column\" data-e-type=\"column\">\n\t\t\t<div class=\"elementor-widget-wrap elementor-element-populated\">\n\t\t\t\t\t\t<div class=\"elementor-element elementor-element-0e17f5e elementor-widget elementor-widget-heading\" data-id=\"0e17f5e\" data-element_type=\"widget\" data-e-type=\"widget\" data-widget_type=\"heading.default\">\n\t\t\t\t<div class=\"elementor-widget-container\">\n\t\t\t\t\t<h2 class=\"elementor-heading-title elementor-size-default\">Warum Pore\u010d ideal f\u00fcr einen Strandurlaub ist\n<\/h2>\t\t\t\t<\/div>\n\t\t\t\t<\/div>\n\t\t\t\t<div class=\"elementor-element elementor-element-5983a7c elementor-widget elementor-widget-text-editor\" data-id=\"5983a7c\" data-element_type=\"widget\" data-e-type=\"widget\" data-widget_type=\"text-editor.default\">\n\t\t\t\t<div class=\"elementor-widget-container\">\n\t\t\t\t\t\t\t\t\t<p>Ob Sie Pore\u010d im Hochsommer oder in der Nebensaison besuchen, die Stadt bietet Ihnen das Beste an nat\u00fcrlicher Sch\u00f6nheit, kulturellen Aktivit\u00e4ten und Spa\u00df am Meer.<\/p><p>Bei Solis Pore\u010d k\u00f6nnen wir Ihnen mit einer Auswahl an komfortablen und stilvollen Ferienunterk\u00fcnften helfen, das Beste aus Ihrem Aufenthalt zu machen. Unser Angebot reicht von modernen Apartments am Meer bis hin zu charmanten Familienvillen. Ob Sie einen romantischen Kurzurlaub oder eine Gruppenreise planen, wir haben die ideale Unterkunft f\u00fcr Ihre Bed\u00fcrfnisse.<\/p>\t\t\t\t\t\t\t\t<\/div>\n\t\t\t\t<\/div>\n\t\t\t\t\t<\/div>\n\t\t<\/div>\n\t\t\t\t\t<\/div>\n\t\t<\/section>\n\t\t\t\t<section class=\"elementor-section elementor-top-section elementor-element elementor-element-3835544c elementor-section-boxed elementor-section-height-default elementor-section-height-default\" data-id=\"3835544c\" data-element_type=\"section\" data-e-type=\"section\">\n\t\t\t\t\t\t<div class=\"elementor-container elementor-column-gap-default\">\n\t\t\t\t\t<div class=\"elementor-column elementor-col-100 elementor-top-column elementor-element elementor-element-59c67c1a\" data-id=\"59c67c1a\" data-element_type=\"column\" data-e-type=\"column\">\n\t\t\t<div class=\"elementor-widget-wrap elementor-element-populated\">\n\t\t\t\t\t\t<div class=\"elementor-element elementor-element-297a22ea elementor-widget elementor-widget-shortcode\" data-id=\"297a22ea\" data-element_type=\"widget\" data-e-type=\"widget\" data-widget_type=\"shortcode.default\">\n\t\t\t\t<div class=\"elementor-widget-container\">\n\t\t\t\t\t\t\t<div class=\"elementor-shortcode\">\t\t<div data-elementor-type=\"section\" data-elementor-id=\"1614\" class=\"elementor elementor-1614 elementor-1606 elementor-1606\" data-elementor-post-type=\"elementor_library\">\n\t\t\t\t\t<section class=\"elementor-section elementor-top-section elementor-element elementor-element-5475817 elementor-section-boxed elementor-section-height-default elementor-section-height-default\" data-id=\"5475817\" data-element_type=\"section\" data-e-type=\"section\">\n\t\t\t\t\t\t<div class=\"elementor-container elementor-column-gap-default\">\n\t\t\t\t\t<div class=\"elementor-column elementor-col-25 elementor-top-column elementor-element elementor-element-6d142876\" data-id=\"6d142876\" data-element_type=\"column\" data-e-type=\"column\">\n\t\t\t<div class=\"elementor-widget-wrap elementor-element-populated\">\n\t\t\t\t\t\t<div class=\"elementor-element elementor-element-5fd28267 elementor-align-justify elementor-widget elementor-widget-button\" data-id=\"5fd28267\" data-element_type=\"widget\" data-e-type=\"widget\" data-widget_type=\"button.default\">\n\t\t\t\t<div class=\"elementor-widget-container\">\n\t\t\t\t\t\t\t\t\t<div class=\"elementor-button-wrapper\">\n\t\t\t\t\t<a class=\"elementor-button elementor-button-link elementor-size-md\" href=\"https:\/\/www.solis-porec.com\/de\/unterkunft-in-porec-kroatien\/\">\n\t\t\t\t\t\t<span class=\"elementor-button-content-wrapper\">\n\t\t\t\t\t\t\t\t\t<span class=\"elementor-button-text\">Unterkunft in Porec<\/span>\n\t\t\t\t\t<\/span>\n\t\t\t\t\t<\/a>\n\t\t\t\t<\/div>\n\t\t\t\t\t\t\t\t<\/div>\n\t\t\t\t<\/div>\n\t\t\t\t\t<\/div>\n\t\t<\/div>\n\t\t\t\t<div class=\"elementor-column elementor-col-25 elementor-top-column elementor-element elementor-element-539da40b\" data-id=\"539da40b\" data-element_type=\"column\" data-e-type=\"column\">\n\t\t\t<div class=\"elementor-widget-wrap elementor-element-populated\">\n\t\t\t\t\t\t<div class=\"elementor-element elementor-element-31298c61 elementor-align-justify elementor-widget elementor-widget-button\" data-id=\"31298c61\" data-element_type=\"widget\" data-e-type=\"widget\" data-widget_type=\"button.default\">\n\t\t\t\t<div class=\"elementor-widget-container\">\n\t\t\t\t\t\t\t\t\t<div class=\"elementor-button-wrapper\">\n\t\t\t\t\t<a class=\"elementor-button elementor-button-link elementor-size-md\" href=\"https:\/\/www.solis-porec.com\/de\/ferienwohnung-porec-kroatien\/\">\n\t\t\t\t\t\t<span class=\"elementor-button-content-wrapper\">\n\t\t\t\t\t\t\t\t\t<span class=\"elementor-button-text\">Ferienwohnung in Porec<\/span>\n\t\t\t\t\t<\/span>\n\t\t\t\t\t<\/a>\n\t\t\t\t<\/div>\n\t\t\t\t\t\t\t\t<\/div>\n\t\t\t\t<\/div>\n\t\t\t\t\t<\/div>\n\t\t<\/div>\n\t\t\t\t<div class=\"elementor-column elementor-col-25 elementor-top-column elementor-element elementor-element-369844c9\" data-id=\"369844c9\" data-element_type=\"column\" data-e-type=\"column\">\n\t\t\t<div class=\"elementor-widget-wrap elementor-element-populated\">\n\t\t\t\t\t\t<div class=\"elementor-element elementor-element-69b01763 elementor-align-justify elementor-widget elementor-widget-button\" data-id=\"69b01763\" data-element_type=\"widget\" data-e-type=\"widget\" data-widget_type=\"button.default\">\n\t\t\t\t<div class=\"elementor-widget-container\">\n\t\t\t\t\t\t\t\t\t<div class=\"elementor-button-wrapper\">\n\t\t\t\t\t<a class=\"elementor-button elementor-button-link elementor-size-md\" href=\"https:\/\/www.solis-porec.com\/de\/ferienhaus-porec-kroatien\/\">\n\t\t\t\t\t\t<span class=\"elementor-button-content-wrapper\">\n\t\t\t\t\t\t\t\t\t<span class=\"elementor-button-text\">Ferienhaus in Porec<\/span>\n\t\t\t\t\t<\/span>\n\t\t\t\t\t<\/a>\n\t\t\t\t<\/div>\n\t\t\t\t\t\t\t\t<\/div>\n\t\t\t\t<\/div>\n\t\t\t\t\t<\/div>\n\t\t<\/div>\n\t\t\t\t<div class=\"elementor-column elementor-col-25 elementor-top-column elementor-element elementor-element-32276887\" data-id=\"32276887\" data-element_type=\"column\" data-e-type=\"column\">\n\t\t\t<div class=\"elementor-widget-wrap elementor-element-populated\">\n\t\t\t\t\t\t<div class=\"elementor-element elementor-element-fda99a2 elementor-align-justify elementor-widget elementor-widget-button\" data-id=\"fda99a2\" data-element_type=\"widget\" data-e-type=\"widget\" data-widget_type=\"button.default\">\n\t\t\t\t<div class=\"elementor-widget-container\">\n\t\t\t\t\t\t\t\t\t<div class=\"elementor-button-wrapper\">\n\t\t\t\t\t<a class=\"elementor-button elementor-button-link elementor-size-md\" href=\"https:\/\/www.solis-porec.com\/de\/villas-in-porec\/\">\n\t\t\t\t\t\t<span class=\"elementor-button-content-wrapper\">\n\t\t\t\t\t\t\t\t\t<span class=\"elementor-button-text\">Villen in Porec<\/span>\n\t\t\t\t\t<\/span>\n\t\t\t\t\t<\/a>\n\t\t\t\t<\/div>\n\t\t\t\t\t\t\t\t<\/div>\n\t\t\t\t<\/div>\n\t\t\t\t\t<\/div>\n\t\t<\/div>\n\t\t\t\t\t<\/div>\n\t\t<\/section>\n\t\t\t\t<\/div>\n\t\t<\/div>\n\t\t\t\t\t\t<\/div>\n\t\t\t\t<\/div>\n\t\t\t\t\t<\/div>\n\t\t<\/div>\n\t\t\t\t\t<\/div>\n\t\t<\/section>\n\t\t\t\t<\/div>\n\t\t","protected":false},"excerpt":{"rendered":"<p>Pore\u010d ist eine wundersch\u00f6ne K\u00fcstenstadt auf der kroatischen Halbinsel Istrien. Sie ist bekannt f\u00fcr ihre atemberaubenden Str\u00e4nde, ihre reiche Geschichte und das kristallklare Wasser der Adria. Ganz gleich, ob Sie einen erholsamen Urlaub am Meer oder einen Aktivurlaub mit Schwimmen, Schnorcheln oder Wassersport planen, die Wassertemperatur in Pore\u010d zu kennen, ist der Schl\u00fcssel, um das [&hellip;]<\/p>\n","protected":false},"author":1,"featured_media":1879,"comment_status":"open","ping_status":"closed","sticky":false,"template":"","format":"standard","meta":{"footnotes":""},"categories":[71],"tags":[],"class_list":["post-1885","post","type-post","status-publish","format-standard","has-post-thumbnail","hentry","category-kroatie"],"yoast_head":"<!-- This site is optimized with the Yoast SEO plugin v27.4 - https:\/\/yoast.com\/product\/yoast-seo-wordpress\/ -->\n<title>Wassertemperatur in Pore\u010d - Istria tourism information<\/title>\n<meta name=\"description\" content=\"\u00dcberpr\u00fcfen Sie die Wassertemperatur in Pore\u010d und planen Sie Ihr Bad an den kristallklaren Str\u00e4nden Kroatiens.\" \/>\n<meta name=\"robots\" content=\"index, follow, max-snippet:-1, max-image-preview:large, max-video-preview:-1\" \/>\n<link rel=\"canonical\" href=\"https:\/\/www.solis-porec.com\/blog\/porec-water-temperature\/\" \/>\n<meta property=\"og:locale\" content=\"de_DE\" \/>\n<meta property=\"og:type\" content=\"article\" \/>\n<meta property=\"og:title\" content=\"Wassertemperatur in Pore\u010d - Istria tourism information\" \/>\n<meta property=\"og:description\" content=\"\u00dcberpr\u00fcfen Sie die Wassertemperatur in Pore\u010d und planen Sie Ihr Bad an den kristallklaren Str\u00e4nden Kroatiens.\" \/>\n<meta property=\"og:url\" content=\"https:\/\/www.solis-porec.com\/blog\/porec-water-temperature\/\" \/>\n<meta property=\"og:site_name\" content=\"Istria tourism information\" \/>\n<meta property=\"article:published_time\" content=\"2025-04-29T13:16:08+00:00\" \/>\n<meta property=\"article:modified_time\" content=\"2025-04-29T13:30:48+00:00\" \/>\n<meta property=\"og:image\" content=\"https:\/\/www.solis-porec.com\/wp-content\/uploads\/2025\/04\/porec-croatia-water-temperature.jpg\" \/>\n\t<meta property=\"og:image:width\" content=\"1920\" \/>\n\t<meta property=\"og:image:height\" content=\"642\" \/>\n\t<meta property=\"og:image:type\" content=\"image\/jpeg\" \/>\n<meta name=\"author\" content=\"admin\" \/>\n<meta name=\"twitter:card\" content=\"summary_large_image\" \/>\n<meta name=\"twitter:label1\" content=\"Verfasst von\" \/>\n\t<meta name=\"twitter:data1\" content=\"admin\" \/>\n\t<meta name=\"twitter:label2\" content=\"Gesch\u00e4tzte Lesezeit\" \/>\n\t<meta name=\"twitter:data2\" content=\"5\u00a0Minuten\" \/>\n<script type=\"application\/ld+json\" class=\"yoast-schema-graph\">{\"@context\":\"https:\\\/\\\/schema.org\",\"@graph\":[{\"@type\":\"Article\",\"@id\":\"https:\\\/\\\/www.solis-porec.com\\\/blog\\\/porec-water-temperature\\\/#article\",\"isPartOf\":{\"@id\":\"https:\\\/\\\/www.solis-porec.com\\\/blog\\\/porec-water-temperature\\\/\"},\"author\":{\"name\":\"admin\",\"@id\":\"https:\\\/\\\/www.solis-porec.com\\\/#\\\/schema\\\/person\\\/e23bc6320cfafbab10c5ab67a14cffe1\"},\"headline\":\"Wassertemperatur in Pore\u010d im Jahresverlauf\",\"datePublished\":\"2025-04-29T13:16:08+00:00\",\"dateModified\":\"2025-04-29T13:30:48+00:00\",\"mainEntityOfPage\":{\"@id\":\"https:\\\/\\\/www.solis-porec.com\\\/blog\\\/porec-water-temperature\\\/\"},\"wordCount\":977,\"commentCount\":0,\"image\":{\"@id\":\"https:\\\/\\\/www.solis-porec.com\\\/blog\\\/porec-water-temperature\\\/#primaryimage\"},\"thumbnailUrl\":\"https:\\\/\\\/www.solis-porec.com\\\/wp-content\\\/uploads\\\/2025\\\/04\\\/porec-croatia-water-temperature.jpg\",\"articleSection\":[\"Kroatie\"],\"inLanguage\":\"de\",\"potentialAction\":[{\"@type\":\"CommentAction\",\"name\":\"Comment\",\"target\":[\"https:\\\/\\\/www.solis-porec.com\\\/blog\\\/porec-water-temperature\\\/#respond\"]}]},{\"@type\":\"WebPage\",\"@id\":\"https:\\\/\\\/www.solis-porec.com\\\/blog\\\/porec-water-temperature\\\/\",\"url\":\"https:\\\/\\\/www.solis-porec.com\\\/blog\\\/porec-water-temperature\\\/\",\"name\":\"Wassertemperatur in Pore\u010d - Istria tourism information\",\"isPartOf\":{\"@id\":\"https:\\\/\\\/www.solis-porec.com\\\/#website\"},\"primaryImageOfPage\":{\"@id\":\"https:\\\/\\\/www.solis-porec.com\\\/blog\\\/porec-water-temperature\\\/#primaryimage\"},\"image\":{\"@id\":\"https:\\\/\\\/www.solis-porec.com\\\/blog\\\/porec-water-temperature\\\/#primaryimage\"},\"thumbnailUrl\":\"https:\\\/\\\/www.solis-porec.com\\\/wp-content\\\/uploads\\\/2025\\\/04\\\/porec-croatia-water-temperature.jpg\",\"datePublished\":\"2025-04-29T13:16:08+00:00\",\"dateModified\":\"2025-04-29T13:30:48+00:00\",\"author\":{\"@id\":\"https:\\\/\\\/www.solis-porec.com\\\/#\\\/schema\\\/person\\\/e23bc6320cfafbab10c5ab67a14cffe1\"},\"description\":\"\u00dcberpr\u00fcfen Sie die Wassertemperatur in Pore\u010d und planen Sie Ihr Bad an den kristallklaren Str\u00e4nden Kroatiens.\",\"breadcrumb\":{\"@id\":\"https:\\\/\\\/www.solis-porec.com\\\/blog\\\/porec-water-temperature\\\/#breadcrumb\"},\"inLanguage\":\"de\",\"potentialAction\":[{\"@type\":\"ReadAction\",\"target\":[\"https:\\\/\\\/www.solis-porec.com\\\/blog\\\/porec-water-temperature\\\/\"]}]},{\"@type\":\"ImageObject\",\"inLanguage\":\"de\",\"@id\":\"https:\\\/\\\/www.solis-porec.com\\\/blog\\\/porec-water-temperature\\\/#primaryimage\",\"url\":\"https:\\\/\\\/www.solis-porec.com\\\/wp-content\\\/uploads\\\/2025\\\/04\\\/porec-croatia-water-temperature.jpg\",\"contentUrl\":\"https:\\\/\\\/www.solis-porec.com\\\/wp-content\\\/uploads\\\/2025\\\/04\\\/porec-croatia-water-temperature.jpg\",\"width\":1920,\"height\":642,\"caption\":\"porec-croatia-water-temperature\"},{\"@type\":\"BreadcrumbList\",\"@id\":\"https:\\\/\\\/www.solis-porec.com\\\/blog\\\/porec-water-temperature\\\/#breadcrumb\",\"itemListElement\":[{\"@type\":\"ListItem\",\"position\":1,\"name\":\"Home\",\"item\":\"https:\\\/\\\/www.solis-porec.com\\\/\"},{\"@type\":\"ListItem\",\"position\":2,\"name\":\"Wassertemperatur in Pore\u010d im Jahresverlauf\"}]},{\"@type\":\"WebSite\",\"@id\":\"https:\\\/\\\/www.solis-porec.com\\\/#website\",\"url\":\"https:\\\/\\\/www.solis-porec.com\\\/\",\"name\":\"Istria tourism information\",\"description\":\"Solis Porec\",\"potentialAction\":[{\"@type\":\"SearchAction\",\"target\":{\"@type\":\"EntryPoint\",\"urlTemplate\":\"https:\\\/\\\/www.solis-porec.com\\\/?s={search_term_string}\"},\"query-input\":{\"@type\":\"PropertyValueSpecification\",\"valueRequired\":true,\"valueName\":\"search_term_string\"}}],\"inLanguage\":\"de\"},{\"@type\":\"Person\",\"@id\":\"https:\\\/\\\/www.solis-porec.com\\\/#\\\/schema\\\/person\\\/e23bc6320cfafbab10c5ab67a14cffe1\",\"name\":\"admin\",\"image\":{\"@type\":\"ImageObject\",\"inLanguage\":\"de\",\"@id\":\"https:\\\/\\\/secure.gravatar.com\\\/avatar\\\/c17c5233fdd7246c8da074504987f3b1c1708717ae87150137e1629cff920ec2?s=96&d=mm&r=g\",\"url\":\"https:\\\/\\\/secure.gravatar.com\\\/avatar\\\/c17c5233fdd7246c8da074504987f3b1c1708717ae87150137e1629cff920ec2?s=96&d=mm&r=g\",\"contentUrl\":\"https:\\\/\\\/secure.gravatar.com\\\/avatar\\\/c17c5233fdd7246c8da074504987f3b1c1708717ae87150137e1629cff920ec2?s=96&d=mm&r=g\",\"caption\":\"admin\"},\"sameAs\":[\"https:\\\/\\\/www.solis-porec.com\"],\"url\":\"https:\\\/\\\/www.solis-porec.com\\\/de\\\/blog\\\/author\\\/avantioblog\\\/\"}]}<\/script>\n<!-- \/ Yoast SEO plugin. -->","yoast_head_json":{"title":"Wassertemperatur in Pore\u010d - Istria tourism information","description":"\u00dcberpr\u00fcfen Sie die Wassertemperatur in Pore\u010d und planen Sie Ihr Bad an den kristallklaren Str\u00e4nden Kroatiens.","robots":{"index":"index","follow":"follow","max-snippet":"max-snippet:-1","max-image-preview":"max-image-preview:large","max-video-preview":"max-video-preview:-1"},"canonical":"https:\/\/www.solis-porec.com\/blog\/porec-water-temperature\/","og_locale":"de_DE","og_type":"article","og_title":"Wassertemperatur in Pore\u010d - Istria tourism information","og_description":"\u00dcberpr\u00fcfen Sie die Wassertemperatur in Pore\u010d und planen Sie Ihr Bad an den kristallklaren Str\u00e4nden Kroatiens.","og_url":"https:\/\/www.solis-porec.com\/blog\/porec-water-temperature\/","og_site_name":"Istria tourism information","article_published_time":"2025-04-29T13:16:08+00:00","article_modified_time":"2025-04-29T13:30:48+00:00","og_image":[{"width":1920,"height":642,"url":"https:\/\/www.solis-porec.com\/wp-content\/uploads\/2025\/04\/porec-croatia-water-temperature.jpg","type":"image\/jpeg"}],"author":"admin","twitter_card":"summary_large_image","twitter_misc":{"Verfasst von":"admin","Gesch\u00e4tzte Lesezeit":"5\u00a0Minuten"},"schema":{"@context":"https:\/\/schema.org","@graph":[{"@type":"Article","@id":"https:\/\/www.solis-porec.com\/blog\/porec-water-temperature\/#article","isPartOf":{"@id":"https:\/\/www.solis-porec.com\/blog\/porec-water-temperature\/"},"author":{"name":"admin","@id":"https:\/\/www.solis-porec.com\/#\/schema\/person\/e23bc6320cfafbab10c5ab67a14cffe1"},"headline":"Wassertemperatur in Pore\u010d im Jahresverlauf","datePublished":"2025-04-29T13:16:08+00:00","dateModified":"2025-04-29T13:30:48+00:00","mainEntityOfPage":{"@id":"https:\/\/www.solis-porec.com\/blog\/porec-water-temperature\/"},"wordCount":977,"commentCount":0,"image":{"@id":"https:\/\/www.solis-porec.com\/blog\/porec-water-temperature\/#primaryimage"},"thumbnailUrl":"https:\/\/www.solis-porec.com\/wp-content\/uploads\/2025\/04\/porec-croatia-water-temperature.jpg","articleSection":["Kroatie"],"inLanguage":"de","potentialAction":[{"@type":"CommentAction","name":"Comment","target":["https:\/\/www.solis-porec.com\/blog\/porec-water-temperature\/#respond"]}]},{"@type":"WebPage","@id":"https:\/\/www.solis-porec.com\/blog\/porec-water-temperature\/","url":"https:\/\/www.solis-porec.com\/blog\/porec-water-temperature\/","name":"Wassertemperatur in Pore\u010d - Istria tourism information","isPartOf":{"@id":"https:\/\/www.solis-porec.com\/#website"},"primaryImageOfPage":{"@id":"https:\/\/www.solis-porec.com\/blog\/porec-water-temperature\/#primaryimage"},"image":{"@id":"https:\/\/www.solis-porec.com\/blog\/porec-water-temperature\/#primaryimage"},"thumbnailUrl":"https:\/\/www.solis-porec.com\/wp-content\/uploads\/2025\/04\/porec-croatia-water-temperature.jpg","datePublished":"2025-04-29T13:16:08+00:00","dateModified":"2025-04-29T13:30:48+00:00","author":{"@id":"https:\/\/www.solis-porec.com\/#\/schema\/person\/e23bc6320cfafbab10c5ab67a14cffe1"},"description":"\u00dcberpr\u00fcfen Sie die Wassertemperatur in Pore\u010d und planen Sie Ihr Bad an den kristallklaren Str\u00e4nden Kroatiens.","breadcrumb":{"@id":"https:\/\/www.solis-porec.com\/blog\/porec-water-temperature\/#breadcrumb"},"inLanguage":"de","potentialAction":[{"@type":"ReadAction","target":["https:\/\/www.solis-porec.com\/blog\/porec-water-temperature\/"]}]},{"@type":"ImageObject","inLanguage":"de","@id":"https:\/\/www.solis-porec.com\/blog\/porec-water-temperature\/#primaryimage","url":"https:\/\/www.solis-porec.com\/wp-content\/uploads\/2025\/04\/porec-croatia-water-temperature.jpg","contentUrl":"https:\/\/www.solis-porec.com\/wp-content\/uploads\/2025\/04\/porec-croatia-water-temperature.jpg","width":1920,"height":642,"caption":"porec-croatia-water-temperature"},{"@type":"BreadcrumbList","@id":"https:\/\/www.solis-porec.com\/blog\/porec-water-temperature\/#breadcrumb","itemListElement":[{"@type":"ListItem","position":1,"name":"Home","item":"https:\/\/www.solis-porec.com\/"},{"@type":"ListItem","position":2,"name":"Wassertemperatur in Pore\u010d im Jahresverlauf"}]},{"@type":"WebSite","@id":"https:\/\/www.solis-porec.com\/#website","url":"https:\/\/www.solis-porec.com\/","name":"Istria tourism information","description":"Solis Porec","potentialAction":[{"@type":"SearchAction","target":{"@type":"EntryPoint","urlTemplate":"https:\/\/www.solis-porec.com\/?s={search_term_string}"},"query-input":{"@type":"PropertyValueSpecification","valueRequired":true,"valueName":"search_term_string"}}],"inLanguage":"de"},{"@type":"Person","@id":"https:\/\/www.solis-porec.com\/#\/schema\/person\/e23bc6320cfafbab10c5ab67a14cffe1","name":"admin","image":{"@type":"ImageObject","inLanguage":"de","@id":"https:\/\/secure.gravatar.com\/avatar\/c17c5233fdd7246c8da074504987f3b1c1708717ae87150137e1629cff920ec2?s=96&d=mm&r=g","url":"https:\/\/secure.gravatar.com\/avatar\/c17c5233fdd7246c8da074504987f3b1c1708717ae87150137e1629cff920ec2?s=96&d=mm&r=g","contentUrl":"https:\/\/secure.gravatar.com\/avatar\/c17c5233fdd7246c8da074504987f3b1c1708717ae87150137e1629cff920ec2?s=96&d=mm&r=g","caption":"admin"},"sameAs":["https:\/\/www.solis-porec.com"],"url":"https:\/\/www.solis-porec.com\/de\/blog\/author\/avantioblog\/"}]}},"_links":{"self":[{"href":"https:\/\/www.solis-porec.com\/de\/wp-json\/wp\/v2\/posts\/1885","targetHints":{"allow":["GET"]}}],"collection":[{"href":"https:\/\/www.solis-porec.com\/de\/wp-json\/wp\/v2\/posts"}],"about":[{"href":"https:\/\/www.solis-porec.com\/de\/wp-json\/wp\/v2\/types\/post"}],"author":[{"embeddable":true,"href":"https:\/\/www.solis-porec.com\/de\/wp-json\/wp\/v2\/users\/1"}],"replies":[{"embeddable":true,"href":"https:\/\/www.solis-porec.com\/de\/wp-json\/wp\/v2\/comments?post=1885"}],"version-history":[{"count":10,"href":"https:\/\/www.solis-porec.com\/de\/wp-json\/wp\/v2\/posts\/1885\/revisions"}],"predecessor-version":[{"id":1896,"href":"https:\/\/www.solis-porec.com\/de\/wp-json\/wp\/v2\/posts\/1885\/revisions\/1896"}],"wp:featuredmedia":[{"embeddable":true,"href":"https:\/\/www.solis-porec.com\/de\/wp-json\/wp\/v2\/media\/1879"}],"wp:attachment":[{"href":"https:\/\/www.solis-porec.com\/de\/wp-json\/wp\/v2\/media?parent=1885"}],"wp:term":[{"taxonomy":"category","embeddable":true,"href":"https:\/\/www.solis-porec.com\/de\/wp-json\/wp\/v2\/categories?post=1885"},{"taxonomy":"post_tag","embeddable":true,"href":"https:\/\/www.solis-porec.com\/de\/wp-json\/wp\/v2\/tags?post=1885"}],"curies":[{"name":"wp","href":"https:\/\/api.w.org\/{rel}","templated":true}]}}